{"id":1021,"date":"2026-01-25T20:00:00","date_gmt":"2026-01-25T20:00:00","guid":{"rendered":"https:\/\/igormatias.com\/?p=1021"},"modified":"2026-02-02T12:56:36","modified_gmt":"2026-02-02T12:56:36","slug":"estudo-de-cientista-portugues-usa-ia-para-detetar-de-forma-precoce-declinio-cognitivo","status":"publish","type":"post","link":"https:\/\/igormatias.com\/pt\/2026\/01\/25\/estudo-de-cientista-portugues-usa-ia-para-detetar-de-forma-precoce-declinio-cognitivo\/","title":{"rendered":"Estudo de cientista portugu\u00eas usa IA para detetar de forma precoce decl\u00ednio cognitivo"},"content":{"rendered":"<p><span class=\"LabelSearchRepeater\">Interview with SIC and SIC Not\u00edcias (in Portuguese) &#8211; Portugal&#8217;s most-watched TV channel<\/span><\/p>\n<p><span id=\"ContentPlaceHolder1_LinkPaperPage_LinkPaperContent_AuxInProceeding\" class=\"PublicationsDetailNormal\">In Portugal<\/span><\/p>\n<p>Interview at:\u00a0<a href=\"https:\/\/sicnoticias.pt\/especiais\/inteligencia-artificial\/2026-01-25-video-estudo-de-cientista-portugues-usa-ia-para-detetar-de-forma-precoce-declinio-cognitivo-57e3ccf2\" target=\"_blank\" rel=\"noopener\">https:\/\/sicnoticias.pt\/especiais\/inteligencia-artificial\/2026-01-25-video-estudo-de-cientista-portugues-usa-ia-para-detetar-de-forma-precoce-declinio-cognitivo-57e3ccf2<\/a> .<\/p>\n<p><img loading=\"lazy\" decoding=\"async\" class=\"alignnone wp-image-1022 size-large\" src=\"https:\/\/igormatias.com\/wp-content\/uploads\/2026\/01\/estudo-de-cientista-portugues-usa-ia-para-detetar-de-forma-precoce-declinio-cognitivo-1024x918.png\" alt=\"\" width=\"640\" height=\"574\" srcset=\"https:\/\/igormatias.com\/wp-content\/uploads\/2026\/01\/estudo-de-cientista-portugues-usa-ia-para-detetar-de-forma-precoce-declinio-cognitivo-1024x918.png 1024w, https:\/\/igormatias.com\/wp-content\/uploads\/2026\/01\/estudo-de-cientista-portugues-usa-ia-para-detetar-de-forma-precoce-declinio-cognitivo-300x269.png 300w, https:\/\/igormatias.com\/wp-content\/uploads\/2026\/01\/estudo-de-cientista-portugues-usa-ia-para-detetar-de-forma-precoce-declinio-cognitivo-768x689.png 768w, https:\/\/igormatias.com\/wp-content\/uploads\/2026\/01\/estudo-de-cientista-portugues-usa-ia-para-detetar-de-forma-precoce-declinio-cognitivo-1536x1378.png 1536w, https:\/\/igormatias.com\/wp-content\/uploads\/2026\/01\/estudo-de-cientista-portugues-usa-ia-para-detetar-de-forma-precoce-declinio-cognitivo-13x12.png 13w, https:\/\/igormatias.com\/wp-content\/uploads\/2026\/01\/estudo-de-cientista-portugues-usa-ia-para-detetar-de-forma-precoce-declinio-cognitivo.png 1804w\" sizes=\"(max-width: 640px) 100vw, 640px\" \/><\/p>\n\n\n<p><\/p>\n\n\n\n<p><\/p>","protected":false},"excerpt":{"rendered":"<p>Estudo de cientista portugu\u00eas usa IA para detetar de forma precoce decl\u00ednio cognitivo (Interview with SIC and SIC Not\u00edcias, in Portuguese)<\/p>","protected":false},"author":1,"featured_media":0,"comment_status":"closed","ping_status":"open","sticky":false,"template":"","format":"standard","meta":{"footnotes":"","_links_to":"","_links_to_target":""},"categories":[17],"tags":[],"class_list":["post-1021","post","type-post","status-publish","format-standard","hentry","category-media"],"gutentor_comment":0,"yoast_head":"<!-- This site is optimized with the Yoast SEO plugin v25.1 - https:\/\/yoast.com\/wordpress\/plugins\/seo\/ -->\n<title>Estudo de cientista portugu\u00eas usa IA para detetar de forma precoce decl\u00ednio cognitivo<\/title>\n<meta name=\"description\" content=\"Estudo de cientista portugu\u00eas usa IA para detetar de forma precoce decl\u00ednio cognitivo (Interview with SIC and SIC Not\u00edcias, in Portuguese)\" \/>\n<meta name=\"robots\" content=\"index, follow, max-snippet:-1, max-image-preview:large, max-video-preview:-1\" \/>\n<link rel=\"canonical\" href=\"https:\/\/igormatias.com\/pt\/2026\/01\/25\/estudo-de-cientista-portugues-usa-ia-para-detetar-de-forma-precoce-declinio-cognitivo\/\" \/>\n<meta property=\"og:locale\" content=\"pt_PT\" \/>\n<meta property=\"og:type\" content=\"article\" \/>\n<meta property=\"og:title\" content=\"Estudo de cientista portugu\u00eas usa IA para detetar de forma precoce decl\u00ednio cognitivo\" \/>\n<meta property=\"og:description\" content=\"Estudo de cientista portugu\u00eas usa IA para detetar de forma precoce decl\u00ednio cognitivo (Interview with SIC and SIC Not\u00edcias, in Portuguese)\" \/>\n<meta property=\"og:url\" content=\"https:\/\/igormatias.com\/pt\/2026\/01\/25\/estudo-de-cientista-portugues-usa-ia-para-detetar-de-forma-precoce-declinio-cognitivo\/\" \/>\n<meta property=\"og:site_name\" content=\"Igor Matias &#x1f9e0;&#x1f916;\" \/>\n<meta property=\"article:publisher\" content=\"https:\/\/www.facebook.com\/igormatias16\" \/>\n<meta property=\"article:author\" content=\"https:\/\/www.facebook.com\/igormatias16\" \/>\n<meta property=\"article:published_time\" content=\"2026-01-25T20:00:00+00:00\" \/>\n<meta property=\"article:modified_time\" content=\"2026-02-02T12:56:36+00:00\" \/>\n<meta property=\"og:image\" content=\"https:\/\/igormatias.com\/wp-content\/uploads\/2026\/01\/estudo-de-cientista-portugues-usa-ia-para-detetar-de-forma-precoce-declinio-cognitivo.png\" \/>\n\t<meta property=\"og:image:width\" content=\"1804\" \/>\n\t<meta property=\"og:image:height\" content=\"1618\" \/>\n\t<meta property=\"og:image:type\" content=\"image\/png\" \/>\n<meta name=\"author\" content=\"Igor Matias\" \/>\n<meta name=\"twitter:card\" content=\"summary_large_image\" \/>\n<meta name=\"twitter:creator\" content=\"@IgorMatias3\" \/>\n<meta name=\"twitter:site\" content=\"@IgorMatias3\" \/>\n<meta name=\"twitter:label1\" content=\"Escrito por\" \/>\n\t<meta name=\"twitter:data1\" content=\"Igor Matias\" \/>\n\t<meta name=\"twitter:label2\" content=\"Tempo estimado de leitura\" \/>\n\t<meta name=\"twitter:data2\" content=\"1 minuto\" \/>\n<script type=\"application\/ld+json\" class=\"yoast-schema-graph\">{\"@context\":\"https:\/\/schema.org\",\"@graph\":[{\"@type\":\"Article\",\"@id\":\"https:\/\/igormatias.com\/2026\/01\/25\/estudo-de-cientista-portugues-usa-ia-para-detetar-de-forma-precoce-declinio-cognitivo\/#article\",\"isPartOf\":{\"@id\":\"https:\/\/igormatias.com\/2026\/01\/25\/estudo-de-cientista-portugues-usa-ia-para-detetar-de-forma-precoce-declinio-cognitivo\/\"},\"author\":{\"name\":\"Igor Matias\",\"@id\":\"https:\/\/igormatias.com\/#\/schema\/person\/411aa904be362f1d407f8a491799a248\"},\"headline\":\"Estudo de cientista portugu\u00eas usa IA para detetar de forma precoce decl\u00ednio cognitivo\",\"datePublished\":\"2026-01-25T20:00:00+00:00\",\"dateModified\":\"2026-02-02T12:56:36+00:00\",\"mainEntityOfPage\":{\"@id\":\"https:\/\/igormatias.com\/2026\/01\/25\/estudo-de-cientista-portugues-usa-ia-para-detetar-de-forma-precoce-declinio-cognitivo\/\"},\"wordCount\":44,\"publisher\":{\"@id\":\"https:\/\/igormatias.com\/#\/schema\/person\/411aa904be362f1d407f8a491799a248\"},\"image\":{\"@id\":\"https:\/\/igormatias.com\/2026\/01\/25\/estudo-de-cientista-portugues-usa-ia-para-detetar-de-forma-precoce-declinio-cognitivo\/#primaryimage\"},\"thumbnailUrl\":\"https:\/\/igormatias.com\/wp-content\/uploads\/2026\/01\/estudo-de-cientista-portugues-usa-ia-para-detetar-de-forma-precoce-declinio-cognitivo-1024x918.png\",\"articleSection\":[\"Media appearances\"],\"inLanguage\":\"pt-PT\"},{\"@type\":\"WebPage\",\"@id\":\"https:\/\/igormatias.com\/2026\/01\/25\/estudo-de-cientista-portugues-usa-ia-para-detetar-de-forma-precoce-declinio-cognitivo\/\",\"url\":\"https:\/\/igormatias.com\/2026\/01\/25\/estudo-de-cientista-portugues-usa-ia-para-detetar-de-forma-precoce-declinio-cognitivo\/\",\"name\":\"Estudo de cientista portugu\u00eas usa IA para detetar de forma precoce decl\u00ednio cognitivo\",\"isPartOf\":{\"@id\":\"https:\/\/igormatias.com\/#website\"},\"primaryImageOfPage\":{\"@id\":\"https:\/\/igormatias.com\/2026\/01\/25\/estudo-de-cientista-portugues-usa-ia-para-detetar-de-forma-precoce-declinio-cognitivo\/#primaryimage\"},\"image\":{\"@id\":\"https:\/\/igormatias.com\/2026\/01\/25\/estudo-de-cientista-portugues-usa-ia-para-detetar-de-forma-precoce-declinio-cognitivo\/#primaryimage\"},\"thumbnailUrl\":\"https:\/\/igormatias.com\/wp-content\/uploads\/2026\/01\/estudo-de-cientista-portugues-usa-ia-para-detetar-de-forma-precoce-declinio-cognitivo-1024x918.png\",\"datePublished\":\"2026-01-25T20:00:00+00:00\",\"dateModified\":\"2026-02-02T12:56:36+00:00\",\"description\":\"Estudo de cientista portugu\u00eas usa IA para detetar de forma precoce decl\u00ednio cognitivo (Interview with SIC and SIC Not\u00edcias, in Portuguese)\",\"breadcrumb\":{\"@id\":\"https:\/\/igormatias.com\/2026\/01\/25\/estudo-de-cientista-portugues-usa-ia-para-detetar-de-forma-precoce-declinio-cognitivo\/#breadcrumb\"},\"inLanguage\":\"pt-PT\",\"potentialAction\":[{\"@type\":\"ReadAction\",\"target\":[\"https:\/\/igormatias.com\/2026\/01\/25\/estudo-de-cientista-portugues-usa-ia-para-detetar-de-forma-precoce-declinio-cognitivo\/\"]}]},{\"@type\":\"ImageObject\",\"inLanguage\":\"pt-PT\",\"@id\":\"https:\/\/igormatias.com\/2026\/01\/25\/estudo-de-cientista-portugues-usa-ia-para-detetar-de-forma-precoce-declinio-cognitivo\/#primaryimage\",\"url\":\"https:\/\/igormatias.com\/wp-content\/uploads\/2026\/01\/estudo-de-cientista-portugues-usa-ia-para-detetar-de-forma-precoce-declinio-cognitivo-1024x918.png\",\"contentUrl\":\"https:\/\/igormatias.com\/wp-content\/uploads\/2026\/01\/estudo-de-cientista-portugues-usa-ia-para-detetar-de-forma-precoce-declinio-cognitivo-1024x918.png\"},{\"@type\":\"BreadcrumbList\",\"@id\":\"https:\/\/igormatias.com\/2026\/01\/25\/estudo-de-cientista-portugues-usa-ia-para-detetar-de-forma-precoce-declinio-cognitivo\/#breadcrumb\",\"itemListElement\":[{\"@type\":\"ListItem\",\"position\":1,\"name\":\"Home\",\"item\":\"https:\/\/igormatias.com\/\"},{\"@type\":\"ListItem\",\"position\":2,\"name\":\"Estudo de cientista portugu\u00eas usa IA para detetar de forma precoce decl\u00ednio cognitivo\"}]},{\"@type\":\"WebSite\",\"@id\":\"https:\/\/igormatias.com\/#website\",\"url\":\"https:\/\/igormatias.com\/\",\"name\":\"Igor Matias\",\"description\":\"(Computer Science, Health, AI)\",\"publisher\":{\"@id\":\"https:\/\/igormatias.com\/#\/schema\/person\/411aa904be362f1d407f8a491799a248\"},\"potentialAction\":[{\"@type\":\"SearchAction\",\"target\":{\"@type\":\"EntryPoint\",\"urlTemplate\":\"https:\/\/igormatias.com\/?s={search_term_string}\"},\"query-input\":{\"@type\":\"PropertyValueSpecification\",\"valueRequired\":true,\"valueName\":\"search_term_string\"}}],\"inLanguage\":\"pt-PT\"},{\"@type\":[\"Person\",\"Organization\"],\"@id\":\"https:\/\/igormatias.com\/#\/schema\/person\/411aa904be362f1d407f8a491799a248\",\"name\":\"Igor Matias\",\"image\":{\"@type\":\"ImageObject\",\"inLanguage\":\"pt-PT\",\"@id\":\"https:\/\/igormatias.com\/#\/schema\/person\/image\/\",\"url\":\"https:\/\/igormatias.com\/wp-content\/uploads\/2026\/04\/Matias_2026_square_933.jpg\",\"contentUrl\":\"https:\/\/igormatias.com\/wp-content\/uploads\/2026\/04\/Matias_2026_square_933.jpg\",\"width\":933,\"height\":933,\"caption\":\"Igor Matias\"},\"logo\":{\"@id\":\"https:\/\/igormatias.com\/#\/schema\/person\/image\/\"},\"description\":\"Ph.D. student in Information Systems at the University of Geneva, Switzerland, focusing Alzheimer\u2019s Disease diagnosis. Master of Computer Science and Engineering by University of Beira Interior, Portugal.\",\"sameAs\":[\"https:\/\/igormatias.com\/\",\"https:\/\/www.facebook.com\/igormatias16\",\"https:\/\/instagram.com\/igormatias3\",\"https:\/\/linkedin.com\/in\/igormatias3\",\"https:\/\/x.com\/IgorMatias3\"]}]}<\/script>\n<!-- \/ Yoast SEO plugin. -->","yoast_head_json":{"title":"Estudo de cientista portugu\u00eas usa IA para detetar de forma precoce decl\u00ednio cognitivo","description":"Estudo de cientista portugu\u00eas usa IA para detetar de forma precoce decl\u00ednio cognitivo (Interview with SIC and SIC Not\u00edcias, in Portuguese)","robots":{"index":"index","follow":"follow","max-snippet":"max-snippet:-1","max-image-preview":"max-image-preview:large","max-video-preview":"max-video-preview:-1"},"canonical":"https:\/\/igormatias.com\/pt\/2026\/01\/25\/estudo-de-cientista-portugues-usa-ia-para-detetar-de-forma-precoce-declinio-cognitivo\/","og_locale":"pt_PT","og_type":"article","og_title":"Estudo de cientista portugu\u00eas usa IA para detetar de forma precoce decl\u00ednio cognitivo","og_description":"Estudo de cientista portugu\u00eas usa IA para detetar de forma precoce decl\u00ednio cognitivo (Interview with SIC and SIC Not\u00edcias, in Portuguese)","og_url":"https:\/\/igormatias.com\/pt\/2026\/01\/25\/estudo-de-cientista-portugues-usa-ia-para-detetar-de-forma-precoce-declinio-cognitivo\/","og_site_name":"Igor Matias &#x1f9e0;&#x1f916;","article_publisher":"https:\/\/www.facebook.com\/igormatias16","article_author":"https:\/\/www.facebook.com\/igormatias16","article_published_time":"2026-01-25T20:00:00+00:00","article_modified_time":"2026-02-02T12:56:36+00:00","og_image":[{"width":1804,"height":1618,"url":"https:\/\/igormatias.com\/wp-content\/uploads\/2026\/01\/estudo-de-cientista-portugues-usa-ia-para-detetar-de-forma-precoce-declinio-cognitivo.png","type":"image\/png"}],"author":"Igor Matias","twitter_card":"summary_large_image","twitter_creator":"@IgorMatias3","twitter_site":"@IgorMatias3","twitter_misc":{"Escrito por":"Igor Matias","Tempo estimado de leitura":"1 minuto"},"schema":{"@context":"https:\/\/schema.org","@graph":[{"@type":"Article","@id":"https:\/\/igormatias.com\/2026\/01\/25\/estudo-de-cientista-portugues-usa-ia-para-detetar-de-forma-precoce-declinio-cognitivo\/#article","isPartOf":{"@id":"https:\/\/igormatias.com\/2026\/01\/25\/estudo-de-cientista-portugues-usa-ia-para-detetar-de-forma-precoce-declinio-cognitivo\/"},"author":{"name":"Igor Matias","@id":"https:\/\/igormatias.com\/#\/schema\/person\/411aa904be362f1d407f8a491799a248"},"headline":"Estudo de cientista portugu\u00eas usa IA para detetar de forma precoce decl\u00ednio cognitivo","datePublished":"2026-01-25T20:00:00+00:00","dateModified":"2026-02-02T12:56:36+00:00","mainEntityOfPage":{"@id":"https:\/\/igormatias.com\/2026\/01\/25\/estudo-de-cientista-portugues-usa-ia-para-detetar-de-forma-precoce-declinio-cognitivo\/"},"wordCount":44,"publisher":{"@id":"https:\/\/igormatias.com\/#\/schema\/person\/411aa904be362f1d407f8a491799a248"},"image":{"@id":"https:\/\/igormatias.com\/2026\/01\/25\/estudo-de-cientista-portugues-usa-ia-para-detetar-de-forma-precoce-declinio-cognitivo\/#primaryimage"},"thumbnailUrl":"https:\/\/igormatias.com\/wp-content\/uploads\/2026\/01\/estudo-de-cientista-portugues-usa-ia-para-detetar-de-forma-precoce-declinio-cognitivo-1024x918.png","articleSection":["Media appearances"],"inLanguage":"pt-PT"},{"@type":"WebPage","@id":"https:\/\/igormatias.com\/2026\/01\/25\/estudo-de-cientista-portugues-usa-ia-para-detetar-de-forma-precoce-declinio-cognitivo\/","url":"https:\/\/igormatias.com\/2026\/01\/25\/estudo-de-cientista-portugues-usa-ia-para-detetar-de-forma-precoce-declinio-cognitivo\/","name":"Estudo de cientista portugu\u00eas usa IA para detetar de forma precoce decl\u00ednio cognitivo","isPartOf":{"@id":"https:\/\/igormatias.com\/#website"},"primaryImageOfPage":{"@id":"https:\/\/igormatias.com\/2026\/01\/25\/estudo-de-cientista-portugues-usa-ia-para-detetar-de-forma-precoce-declinio-cognitivo\/#primaryimage"},"image":{"@id":"https:\/\/igormatias.com\/2026\/01\/25\/estudo-de-cientista-portugues-usa-ia-para-detetar-de-forma-precoce-declinio-cognitivo\/#primaryimage"},"thumbnailUrl":"https:\/\/igormatias.com\/wp-content\/uploads\/2026\/01\/estudo-de-cientista-portugues-usa-ia-para-detetar-de-forma-precoce-declinio-cognitivo-1024x918.png","datePublished":"2026-01-25T20:00:00+00:00","dateModified":"2026-02-02T12:56:36+00:00","description":"Estudo de cientista portugu\u00eas usa IA para detetar de forma precoce decl\u00ednio cognitivo (Interview with SIC and SIC Not\u00edcias, in Portuguese)","breadcrumb":{"@id":"https:\/\/igormatias.com\/2026\/01\/25\/estudo-de-cientista-portugues-usa-ia-para-detetar-de-forma-precoce-declinio-cognitivo\/#breadcrumb"},"inLanguage":"pt-PT","potentialAction":[{"@type":"ReadAction","target":["https:\/\/igormatias.com\/2026\/01\/25\/estudo-de-cientista-portugues-usa-ia-para-detetar-de-forma-precoce-declinio-cognitivo\/"]}]},{"@type":"ImageObject","inLanguage":"pt-PT","@id":"https:\/\/igormatias.com\/2026\/01\/25\/estudo-de-cientista-portugues-usa-ia-para-detetar-de-forma-precoce-declinio-cognitivo\/#primaryimage","url":"https:\/\/igormatias.com\/wp-content\/uploads\/2026\/01\/estudo-de-cientista-portugues-usa-ia-para-detetar-de-forma-precoce-declinio-cognitivo-1024x918.png","contentUrl":"https:\/\/igormatias.com\/wp-content\/uploads\/2026\/01\/estudo-de-cientista-portugues-usa-ia-para-detetar-de-forma-precoce-declinio-cognitivo-1024x918.png"},{"@type":"BreadcrumbList","@id":"https:\/\/igormatias.com\/2026\/01\/25\/estudo-de-cientista-portugues-usa-ia-para-detetar-de-forma-precoce-declinio-cognitivo\/#breadcrumb","itemListElement":[{"@type":"ListItem","position":1,"name":"Home","item":"https:\/\/igormatias.com\/"},{"@type":"ListItem","position":2,"name":"Estudo de cientista portugu\u00eas usa IA para detetar de forma precoce decl\u00ednio cognitivo"}]},{"@type":"WebSite","@id":"https:\/\/igormatias.com\/#website","url":"https:\/\/igormatias.com\/","name":"Igor Matias","description":"(Computer Science, Health, AI)","publisher":{"@id":"https:\/\/igormatias.com\/#\/schema\/person\/411aa904be362f1d407f8a491799a248"},"potentialAction":[{"@type":"SearchAction","target":{"@type":"EntryPoint","urlTemplate":"https:\/\/igormatias.com\/?s={search_term_string}"},"query-input":{"@type":"PropertyValueSpecification","valueRequired":true,"valueName":"search_term_string"}}],"inLanguage":"pt-PT"},{"@type":["Person","Organization"],"@id":"https:\/\/igormatias.com\/#\/schema\/person\/411aa904be362f1d407f8a491799a248","name":"Igor Matias","image":{"@type":"ImageObject","inLanguage":"pt-PT","@id":"https:\/\/igormatias.com\/#\/schema\/person\/image\/","url":"https:\/\/igormatias.com\/wp-content\/uploads\/2026\/04\/Matias_2026_square_933.jpg","contentUrl":"https:\/\/igormatias.com\/wp-content\/uploads\/2026\/04\/Matias_2026_square_933.jpg","width":933,"height":933,"caption":"Igor Matias"},"logo":{"@id":"https:\/\/igormatias.com\/#\/schema\/person\/image\/"},"description":"Ph.D. student in Information Systems at the University of Geneva, Switzerland, focusing Alzheimer\u2019s Disease diagnosis. Master of Computer Science and Engineering by University of Beira Interior, Portugal.","sameAs":["https:\/\/igormatias.com\/","https:\/\/www.facebook.com\/igormatias16","https:\/\/instagram.com\/igormatias3","https:\/\/linkedin.com\/in\/igormatias3","https:\/\/x.com\/IgorMatias3"]}]}},"_links":{"self":[{"href":"https:\/\/igormatias.com\/pt\/wp-json\/wp\/v2\/posts\/1021"}],"collection":[{"href":"https:\/\/igormatias.com\/pt\/wp-json\/wp\/v2\/posts"}],"about":[{"href":"https:\/\/igormatias.com\/pt\/wp-json\/wp\/v2\/types\/post"}],"author":[{"embeddable":true,"href":"https:\/\/igormatias.com\/pt\/wp-json\/wp\/v2\/users\/1"}],"replies":[{"embeddable":true,"href":"https:\/\/igormatias.com\/pt\/wp-json\/wp\/v2\/comments?post=1021"}],"version-history":[{"count":2,"href":"https:\/\/igormatias.com\/pt\/wp-json\/wp\/v2\/posts\/1021\/revisions"}],"predecessor-version":[{"id":1025,"href":"https:\/\/igormatias.com\/pt\/wp-json\/wp\/v2\/posts\/1021\/revisions\/1025"}],"wp:attachment":[{"href":"https:\/\/igormatias.com\/pt\/wp-json\/wp\/v2\/media?parent=1021"}],"wp:term":[{"taxonomy":"category","embeddable":true,"href":"https:\/\/igormatias.com\/pt\/wp-json\/wp\/v2\/categories?post=1021"},{"taxonomy":"post_tag","embeddable":true,"href":"https:\/\/igormatias.com\/pt\/wp-json\/wp\/v2\/tags?post=1021"}],"curies":[{"name":"wp","href":"https:\/\/api.w.org\/{rel}","templated":true}]}}