{"id":794,"date":"2023-05-11T10:30:00","date_gmt":"2023-05-11T09:30:00","guid":{"rendered":"https:\/\/igormatias.com\/?p=794"},"modified":"2026-02-02T13:04:18","modified_gmt":"2026-02-02T13:04:18","slug":"o-chatgpt-tomou-de-assalto-a-sociedade-em-quatro-meses-2","status":"publish","type":"post","link":"https:\/\/igormatias.com\/pt\/2023\/05\/11\/o-chatgpt-tomou-de-assalto-a-sociedade-em-quatro-meses-2\/","title":{"rendered":"O ChatGPT tomou de assalto a sociedade em quatro meses"},"content":{"rendered":"<p><span class=\"LabelSearchRepeater\">Talk open to the public (in Portuguese).<\/span><\/p>\n<p><span id=\"ContentPlaceHolder1_LinkPaperPage_LinkPaperContent_AuxInProceeding\" class=\"PublicationsDetailNormal\">At Instituto Polit\u00e9cnico da Guarda.<\/span><\/p>\n<p>Recording: <a href=\"https:\/\/www.youtube.com\/watch?v=RZ6JxdzMXak\">https:\/\/www.youtube.com\/watch?v=RZ6JxdzMXak<\/a>\u00a0<\/p>\n<p><img loading=\"lazy\" decoding=\"async\" class=\"alignnone wp-image-796 size-large\" src=\"https:\/\/igormatias.com\/wp-content\/uploads\/2023\/05\/picture-1024x576.jpeg\" alt=\"\" width=\"640\" height=\"360\" srcset=\"https:\/\/igormatias.com\/wp-content\/uploads\/2023\/05\/picture-1024x576.jpeg 1024w, https:\/\/igormatias.com\/wp-content\/uploads\/2023\/05\/picture-300x169.jpeg 300w, https:\/\/igormatias.com\/wp-content\/uploads\/2023\/05\/picture-768x432.jpeg 768w, https:\/\/igormatias.com\/wp-content\/uploads\/2023\/05\/picture-1536x864.jpeg 1536w, https:\/\/igormatias.com\/wp-content\/uploads\/2023\/05\/picture-2048x1152.jpeg 2048w, https:\/\/igormatias.com\/wp-content\/uploads\/2023\/05\/picture-18x10.jpeg 18w\" sizes=\"(max-width: 640px) 100vw, 640px\" \/><\/p>\n<p>Image by <span id=\"ContentPlaceHolder1_LinkPaperPage_LinkPaperContent_AuxInProceeding\" class=\"PublicationsDetailNormal\">Instituto Polit\u00e9cnico da Guarda.<\/span><\/p>\n\n\n<p><\/p>\n\n\n\n<p><\/p>","protected":false},"excerpt":{"rendered":"<p>Palestra aberta ao p\u00fablico no Instituto Polit\u00e9cnico da Guarda, em Portugu\u00eas. (Portuguese talk open to the public at Polit\u00e9cnico da Guarda)<\/p>","protected":false},"author":1,"featured_media":0,"comment_status":"closed","ping_status":"open","sticky":false,"template":"","format":"standard","meta":{"footnotes":"","_links_to":"","_links_to_target":""},"categories":[15],"tags":[],"class_list":["post-794","post","type-post","status-publish","format-standard","hentry","category-general-public-talk"],"gutentor_comment":0,"yoast_head":"<!-- This site is optimized with the Yoast SEO plugin v25.1 - https:\/\/yoast.com\/wordpress\/plugins\/seo\/ -->\n<title>O ChatGPT tomou de assalto a sociedade em quatro meses<\/title>\n<meta name=\"description\" content=\"Palestra aberta ao p\u00fablico no Instituto Polit\u00e9cnico da Guarda, em Portugu\u00eas. (Portuguese talk open to the public at Polit\u00e9cnico da Guarda)\" \/>\n<meta name=\"robots\" content=\"index, follow, max-snippet:-1, max-image-preview:large, max-video-preview:-1\" \/>\n<link rel=\"canonical\" href=\"https:\/\/igormatias.com\/pt\/2023\/05\/11\/o-chatgpt-tomou-de-assalto-a-sociedade-em-quatro-meses-2\/\" \/>\n<meta property=\"og:locale\" content=\"pt_PT\" \/>\n<meta property=\"og:type\" content=\"article\" \/>\n<meta property=\"og:title\" content=\"O ChatGPT tomou de assalto a sociedade em quatro meses\" \/>\n<meta property=\"og:description\" content=\"Palestra aberta ao p\u00fablico no Instituto Polit\u00e9cnico da Guarda, em Portugu\u00eas. (Portuguese talk open to the public at Polit\u00e9cnico da Guarda)\" \/>\n<meta property=\"og:url\" content=\"https:\/\/igormatias.com\/pt\/2023\/05\/11\/o-chatgpt-tomou-de-assalto-a-sociedade-em-quatro-meses-2\/\" \/>\n<meta property=\"og:site_name\" content=\"Igor Matias &#x1f9e0;&#x1f916;\" \/>\n<meta property=\"article:publisher\" content=\"https:\/\/www.facebook.com\/igormatias16\" \/>\n<meta property=\"article:author\" content=\"https:\/\/www.facebook.com\/igormatias16\" \/>\n<meta property=\"article:published_time\" content=\"2023-05-11T09:30:00+00:00\" \/>\n<meta property=\"article:modified_time\" content=\"2026-02-02T13:04:18+00:00\" \/>\n<meta property=\"og:image\" content=\"https:\/\/igormatias.com\/wp-content\/uploads\/2023\/05\/picture-scaled.jpeg\" \/>\n\t<meta property=\"og:image:width\" content=\"2560\" \/>\n\t<meta property=\"og:image:height\" content=\"1440\" \/>\n\t<meta property=\"og:image:type\" content=\"image\/jpeg\" \/>\n<meta name=\"author\" content=\"Igor Matias\" \/>\n<meta name=\"twitter:card\" content=\"summary_large_image\" \/>\n<meta name=\"twitter:creator\" content=\"@IgorMatias3\" \/>\n<meta name=\"twitter:site\" content=\"@IgorMatias3\" \/>\n<meta name=\"twitter:label1\" content=\"Escrito por\" \/>\n\t<meta name=\"twitter:data1\" content=\"Igor Matias\" \/>\n\t<meta name=\"twitter:label2\" content=\"Tempo estimado de leitura\" \/>\n\t<meta name=\"twitter:data2\" content=\"1 minuto\" \/>\n<script type=\"application\/ld+json\" class=\"yoast-schema-graph\">{\"@context\":\"https:\/\/schema.org\",\"@graph\":[{\"@type\":\"Article\",\"@id\":\"https:\/\/igormatias.com\/2023\/05\/11\/o-chatgpt-tomou-de-assalto-a-sociedade-em-quatro-meses-2\/#article\",\"isPartOf\":{\"@id\":\"https:\/\/igormatias.com\/2023\/05\/11\/o-chatgpt-tomou-de-assalto-a-sociedade-em-quatro-meses-2\/\"},\"author\":{\"name\":\"Igor Matias\",\"@id\":\"https:\/\/igormatias.com\/#\/schema\/person\/411aa904be362f1d407f8a491799a248\"},\"headline\":\"O ChatGPT tomou de assalto a sociedade em quatro meses\",\"datePublished\":\"2023-05-11T09:30:00+00:00\",\"dateModified\":\"2026-02-02T13:04:18+00:00\",\"mainEntityOfPage\":{\"@id\":\"https:\/\/igormatias.com\/2023\/05\/11\/o-chatgpt-tomou-de-assalto-a-sociedade-em-quatro-meses-2\/\"},\"wordCount\":39,\"publisher\":{\"@id\":\"https:\/\/igormatias.com\/#\/schema\/person\/411aa904be362f1d407f8a491799a248\"},\"image\":{\"@id\":\"https:\/\/igormatias.com\/2023\/05\/11\/o-chatgpt-tomou-de-assalto-a-sociedade-em-quatro-meses-2\/#primaryimage\"},\"thumbnailUrl\":\"https:\/\/igormatias.com\/wp-content\/uploads\/2023\/05\/picture-1024x576.jpeg\",\"articleSection\":[\"General Public Talk\"],\"inLanguage\":\"pt-PT\"},{\"@type\":\"WebPage\",\"@id\":\"https:\/\/igormatias.com\/2023\/05\/11\/o-chatgpt-tomou-de-assalto-a-sociedade-em-quatro-meses-2\/\",\"url\":\"https:\/\/igormatias.com\/2023\/05\/11\/o-chatgpt-tomou-de-assalto-a-sociedade-em-quatro-meses-2\/\",\"name\":\"O ChatGPT tomou de assalto a sociedade em quatro meses\",\"isPartOf\":{\"@id\":\"https:\/\/igormatias.com\/#website\"},\"primaryImageOfPage\":{\"@id\":\"https:\/\/igormatias.com\/2023\/05\/11\/o-chatgpt-tomou-de-assalto-a-sociedade-em-quatro-meses-2\/#primaryimage\"},\"image\":{\"@id\":\"https:\/\/igormatias.com\/2023\/05\/11\/o-chatgpt-tomou-de-assalto-a-sociedade-em-quatro-meses-2\/#primaryimage\"},\"thumbnailUrl\":\"https:\/\/igormatias.com\/wp-content\/uploads\/2023\/05\/picture-1024x576.jpeg\",\"datePublished\":\"2023-05-11T09:30:00+00:00\",\"dateModified\":\"2026-02-02T13:04:18+00:00\",\"description\":\"Palestra aberta ao p\u00fablico no Instituto Polit\u00e9cnico da Guarda, em Portugu\u00eas. (Portuguese talk open to the public at Polit\u00e9cnico da Guarda)\",\"breadcrumb\":{\"@id\":\"https:\/\/igormatias.com\/2023\/05\/11\/o-chatgpt-tomou-de-assalto-a-sociedade-em-quatro-meses-2\/#breadcrumb\"},\"inLanguage\":\"pt-PT\",\"potentialAction\":[{\"@type\":\"ReadAction\",\"target\":[\"https:\/\/igormatias.com\/2023\/05\/11\/o-chatgpt-tomou-de-assalto-a-sociedade-em-quatro-meses-2\/\"]}]},{\"@type\":\"ImageObject\",\"inLanguage\":\"pt-PT\",\"@id\":\"https:\/\/igormatias.com\/2023\/05\/11\/o-chatgpt-tomou-de-assalto-a-sociedade-em-quatro-meses-2\/#primaryimage\",\"url\":\"https:\/\/igormatias.com\/wp-content\/uploads\/2023\/05\/picture-1024x576.jpeg\",\"contentUrl\":\"https:\/\/igormatias.com\/wp-content\/uploads\/2023\/05\/picture-1024x576.jpeg\"},{\"@type\":\"BreadcrumbList\",\"@id\":\"https:\/\/igormatias.com\/2023\/05\/11\/o-chatgpt-tomou-de-assalto-a-sociedade-em-quatro-meses-2\/#breadcrumb\",\"itemListElement\":[{\"@type\":\"ListItem\",\"position\":1,\"name\":\"Home\",\"item\":\"https:\/\/igormatias.com\/\"},{\"@type\":\"ListItem\",\"position\":2,\"name\":\"O ChatGPT tomou de assalto a sociedade em quatro meses\"}]},{\"@type\":\"WebSite\",\"@id\":\"https:\/\/igormatias.com\/#website\",\"url\":\"https:\/\/igormatias.com\/\",\"name\":\"Igor Matias\",\"description\":\"(Computer Science, Health, AI)\",\"publisher\":{\"@id\":\"https:\/\/igormatias.com\/#\/schema\/person\/411aa904be362f1d407f8a491799a248\"},\"potentialAction\":[{\"@type\":\"SearchAction\",\"target\":{\"@type\":\"EntryPoint\",\"urlTemplate\":\"https:\/\/igormatias.com\/?s={search_term_string}\"},\"query-input\":{\"@type\":\"PropertyValueSpecification\",\"valueRequired\":true,\"valueName\":\"search_term_string\"}}],\"inLanguage\":\"pt-PT\"},{\"@type\":[\"Person\",\"Organization\"],\"@id\":\"https:\/\/igormatias.com\/#\/schema\/person\/411aa904be362f1d407f8a491799a248\",\"name\":\"Igor Matias\",\"image\":{\"@type\":\"ImageObject\",\"inLanguage\":\"pt-PT\",\"@id\":\"https:\/\/igormatias.com\/#\/schema\/person\/image\/\",\"url\":\"https:\/\/igormatias.com\/wp-content\/uploads\/2026\/04\/Matias_2026_square_933.jpg\",\"contentUrl\":\"https:\/\/igormatias.com\/wp-content\/uploads\/2026\/04\/Matias_2026_square_933.jpg\",\"width\":933,\"height\":933,\"caption\":\"Igor Matias\"},\"logo\":{\"@id\":\"https:\/\/igormatias.com\/#\/schema\/person\/image\/\"},\"description\":\"Ph.D. student in Information Systems at the University of Geneva, Switzerland, focusing Alzheimer\u2019s Disease diagnosis. Master of Computer Science and Engineering by University of Beira Interior, Portugal.\",\"sameAs\":[\"https:\/\/igormatias.com\/\",\"https:\/\/www.facebook.com\/igormatias16\",\"https:\/\/instagram.com\/igormatias3\",\"https:\/\/linkedin.com\/in\/igormatias3\",\"https:\/\/x.com\/IgorMatias3\"]}]}<\/script>\n<!-- \/ Yoast SEO plugin. -->","yoast_head_json":{"title":"O ChatGPT tomou de assalto a sociedade em quatro meses","description":"Palestra aberta ao p\u00fablico no Instituto Polit\u00e9cnico da Guarda, em Portugu\u00eas. (Portuguese talk open to the public at Polit\u00e9cnico da Guarda)","robots":{"index":"index","follow":"follow","max-snippet":"max-snippet:-1","max-image-preview":"max-image-preview:large","max-video-preview":"max-video-preview:-1"},"canonical":"https:\/\/igormatias.com\/pt\/2023\/05\/11\/o-chatgpt-tomou-de-assalto-a-sociedade-em-quatro-meses-2\/","og_locale":"pt_PT","og_type":"article","og_title":"O ChatGPT tomou de assalto a sociedade em quatro meses","og_description":"Palestra aberta ao p\u00fablico no Instituto Polit\u00e9cnico da Guarda, em Portugu\u00eas. (Portuguese talk open to the public at Polit\u00e9cnico da Guarda)","og_url":"https:\/\/igormatias.com\/pt\/2023\/05\/11\/o-chatgpt-tomou-de-assalto-a-sociedade-em-quatro-meses-2\/","og_site_name":"Igor Matias &#x1f9e0;&#x1f916;","article_publisher":"https:\/\/www.facebook.com\/igormatias16","article_author":"https:\/\/www.facebook.com\/igormatias16","article_published_time":"2023-05-11T09:30:00+00:00","article_modified_time":"2026-02-02T13:04:18+00:00","og_image":[{"width":2560,"height":1440,"url":"https:\/\/igormatias.com\/wp-content\/uploads\/2023\/05\/picture-scaled.jpeg","type":"image\/jpeg"}],"author":"Igor Matias","twitter_card":"summary_large_image","twitter_creator":"@IgorMatias3","twitter_site":"@IgorMatias3","twitter_misc":{"Escrito por":"Igor Matias","Tempo estimado de leitura":"1 minuto"},"schema":{"@context":"https:\/\/schema.org","@graph":[{"@type":"Article","@id":"https:\/\/igormatias.com\/2023\/05\/11\/o-chatgpt-tomou-de-assalto-a-sociedade-em-quatro-meses-2\/#article","isPartOf":{"@id":"https:\/\/igormatias.com\/2023\/05\/11\/o-chatgpt-tomou-de-assalto-a-sociedade-em-quatro-meses-2\/"},"author":{"name":"Igor Matias","@id":"https:\/\/igormatias.com\/#\/schema\/person\/411aa904be362f1d407f8a491799a248"},"headline":"O ChatGPT tomou de assalto a sociedade em quatro meses","datePublished":"2023-05-11T09:30:00+00:00","dateModified":"2026-02-02T13:04:18+00:00","mainEntityOfPage":{"@id":"https:\/\/igormatias.com\/2023\/05\/11\/o-chatgpt-tomou-de-assalto-a-sociedade-em-quatro-meses-2\/"},"wordCount":39,"publisher":{"@id":"https:\/\/igormatias.com\/#\/schema\/person\/411aa904be362f1d407f8a491799a248"},"image":{"@id":"https:\/\/igormatias.com\/2023\/05\/11\/o-chatgpt-tomou-de-assalto-a-sociedade-em-quatro-meses-2\/#primaryimage"},"thumbnailUrl":"https:\/\/igormatias.com\/wp-content\/uploads\/2023\/05\/picture-1024x576.jpeg","articleSection":["General Public Talk"],"inLanguage":"pt-PT"},{"@type":"WebPage","@id":"https:\/\/igormatias.com\/2023\/05\/11\/o-chatgpt-tomou-de-assalto-a-sociedade-em-quatro-meses-2\/","url":"https:\/\/igormatias.com\/2023\/05\/11\/o-chatgpt-tomou-de-assalto-a-sociedade-em-quatro-meses-2\/","name":"O ChatGPT tomou de assalto a sociedade em quatro meses","isPartOf":{"@id":"https:\/\/igormatias.com\/#website"},"primaryImageOfPage":{"@id":"https:\/\/igormatias.com\/2023\/05\/11\/o-chatgpt-tomou-de-assalto-a-sociedade-em-quatro-meses-2\/#primaryimage"},"image":{"@id":"https:\/\/igormatias.com\/2023\/05\/11\/o-chatgpt-tomou-de-assalto-a-sociedade-em-quatro-meses-2\/#primaryimage"},"thumbnailUrl":"https:\/\/igormatias.com\/wp-content\/uploads\/2023\/05\/picture-1024x576.jpeg","datePublished":"2023-05-11T09:30:00+00:00","dateModified":"2026-02-02T13:04:18+00:00","description":"Palestra aberta ao p\u00fablico no Instituto Polit\u00e9cnico da Guarda, em Portugu\u00eas. (Portuguese talk open to the public at Polit\u00e9cnico da Guarda)","breadcrumb":{"@id":"https:\/\/igormatias.com\/2023\/05\/11\/o-chatgpt-tomou-de-assalto-a-sociedade-em-quatro-meses-2\/#breadcrumb"},"inLanguage":"pt-PT","potentialAction":[{"@type":"ReadAction","target":["https:\/\/igormatias.com\/2023\/05\/11\/o-chatgpt-tomou-de-assalto-a-sociedade-em-quatro-meses-2\/"]}]},{"@type":"ImageObject","inLanguage":"pt-PT","@id":"https:\/\/igormatias.com\/2023\/05\/11\/o-chatgpt-tomou-de-assalto-a-sociedade-em-quatro-meses-2\/#primaryimage","url":"https:\/\/igormatias.com\/wp-content\/uploads\/2023\/05\/picture-1024x576.jpeg","contentUrl":"https:\/\/igormatias.com\/wp-content\/uploads\/2023\/05\/picture-1024x576.jpeg"},{"@type":"BreadcrumbList","@id":"https:\/\/igormatias.com\/2023\/05\/11\/o-chatgpt-tomou-de-assalto-a-sociedade-em-quatro-meses-2\/#breadcrumb","itemListElement":[{"@type":"ListItem","position":1,"name":"Home","item":"https:\/\/igormatias.com\/"},{"@type":"ListItem","position":2,"name":"O ChatGPT tomou de assalto a sociedade em quatro meses"}]},{"@type":"WebSite","@id":"https:\/\/igormatias.com\/#website","url":"https:\/\/igormatias.com\/","name":"Igor Matias","description":"(Computer Science, Health, AI)","publisher":{"@id":"https:\/\/igormatias.com\/#\/schema\/person\/411aa904be362f1d407f8a491799a248"},"potentialAction":[{"@type":"SearchAction","target":{"@type":"EntryPoint","urlTemplate":"https:\/\/igormatias.com\/?s={search_term_string}"},"query-input":{"@type":"PropertyValueSpecification","valueRequired":true,"valueName":"search_term_string"}}],"inLanguage":"pt-PT"},{"@type":["Person","Organization"],"@id":"https:\/\/igormatias.com\/#\/schema\/person\/411aa904be362f1d407f8a491799a248","name":"Igor Matias","image":{"@type":"ImageObject","inLanguage":"pt-PT","@id":"https:\/\/igormatias.com\/#\/schema\/person\/image\/","url":"https:\/\/igormatias.com\/wp-content\/uploads\/2026\/04\/Matias_2026_square_933.jpg","contentUrl":"https:\/\/igormatias.com\/wp-content\/uploads\/2026\/04\/Matias_2026_square_933.jpg","width":933,"height":933,"caption":"Igor Matias"},"logo":{"@id":"https:\/\/igormatias.com\/#\/schema\/person\/image\/"},"description":"Ph.D. student in Information Systems at the University of Geneva, Switzerland, focusing Alzheimer\u2019s Disease diagnosis. Master of Computer Science and Engineering by University of Beira Interior, Portugal.","sameAs":["https:\/\/igormatias.com\/","https:\/\/www.facebook.com\/igormatias16","https:\/\/instagram.com\/igormatias3","https:\/\/linkedin.com\/in\/igormatias3","https:\/\/x.com\/IgorMatias3"]}]}},"_links":{"self":[{"href":"https:\/\/igormatias.com\/pt\/wp-json\/wp\/v2\/posts\/794"}],"collection":[{"href":"https:\/\/igormatias.com\/pt\/wp-json\/wp\/v2\/posts"}],"about":[{"href":"https:\/\/igormatias.com\/pt\/wp-json\/wp\/v2\/types\/post"}],"author":[{"embeddable":true,"href":"https:\/\/igormatias.com\/pt\/wp-json\/wp\/v2\/users\/1"}],"replies":[{"embeddable":true,"href":"https:\/\/igormatias.com\/pt\/wp-json\/wp\/v2\/comments?post=794"}],"version-history":[{"count":5,"href":"https:\/\/igormatias.com\/pt\/wp-json\/wp\/v2\/posts\/794\/revisions"}],"predecessor-version":[{"id":1065,"href":"https:\/\/igormatias.com\/pt\/wp-json\/wp\/v2\/posts\/794\/revisions\/1065"}],"wp:attachment":[{"href":"https:\/\/igormatias.com\/pt\/wp-json\/wp\/v2\/media?parent=794"}],"wp:term":[{"taxonomy":"category","embeddable":true,"href":"https:\/\/igormatias.com\/pt\/wp-json\/wp\/v2\/categories?post=794"},{"taxonomy":"post_tag","embeddable":true,"href":"https:\/\/igormatias.com\/pt\/wp-json\/wp\/v2\/tags?post=794"}],"curies":[{"name":"wp","href":"https:\/\/api.w.org\/{rel}","templated":true}]}}