{"id":902,"date":"2024-08-21T16:29:31","date_gmt":"2024-08-21T15:29:31","guid":{"rendered":"https:\/\/igormatias.com\/?p=902"},"modified":"2026-02-02T13:01:46","modified_gmt":"2026-02-02T13:01:46","slug":"o-investigador-fundanense-que-tenta-antecipar-se-a-alzheimer","status":"publish","type":"post","link":"https:\/\/igormatias.com\/pt\/2024\/08\/21\/o-investigador-fundanense-que-tenta-antecipar-se-a-alzheimer\/","title":{"rendered":"O investigador fundanense que tenta antecipar-se \u00e0 Alzheimer"},"content":{"rendered":"<p><span class=\"LabelSearchRepeater\">Interview with Jornal do Fund\u00e3o (in Portuguese).<\/span><\/p>\n<p><span id=\"ContentPlaceHolder1_LinkPaperPage_LinkPaperContent_AuxInProceeding\" class=\"PublicationsDetailNormal\">In Portugal.<\/span><\/p>\n<p>Interview (partially) at:\u00a0<a href=\"https:\/\/www.jornaldofundao.pt\/saude\/o-investigador-fundanense-que-tenta-antecipar-se-a-alzheimer\">https:\/\/www.jornaldofundao.pt\/saude\/o-investigador-fundanense-que-tenta-antecipar-se-a-alzheimer<\/a><\/p>\n<p>Full interview in the printed format of 14 August 2024.<\/p>\n<p><img loading=\"lazy\" decoding=\"async\" class=\"alignnone wp-image-903\" src=\"https:\/\/igormatias.com\/wp-content\/uploads\/2024\/08\/Screenshot-2024-08-14-at-21.50.13-1024x590.png\" alt=\"\" width=\"962\" height=\"555\" srcset=\"https:\/\/igormatias.com\/wp-content\/uploads\/2024\/08\/Screenshot-2024-08-14-at-21.50.13-1024x590.png 1024w, https:\/\/igormatias.com\/wp-content\/uploads\/2024\/08\/Screenshot-2024-08-14-at-21.50.13-300x173.png 300w, https:\/\/igormatias.com\/wp-content\/uploads\/2024\/08\/Screenshot-2024-08-14-at-21.50.13-768x442.png 768w, https:\/\/igormatias.com\/wp-content\/uploads\/2024\/08\/Screenshot-2024-08-14-at-21.50.13-1536x885.png 1536w, https:\/\/igormatias.com\/wp-content\/uploads\/2024\/08\/Screenshot-2024-08-14-at-21.50.13-2048x1180.png 2048w, https:\/\/igormatias.com\/wp-content\/uploads\/2024\/08\/Screenshot-2024-08-14-at-21.50.13-18x10.png 18w\" sizes=\"(max-width: 962px) 100vw, 962px\" \/><\/p>\n\n\n<p><\/p>\n\n\n\n<p><\/p>","protected":false},"excerpt":{"rendered":"<p>O investigador fundanense que tenta antecipar-se \u00e0 Alzheimer (Interview with Jornal do Fund\u00e3o, in Portuguese)<\/p>","protected":false},"author":1,"featured_media":0,"comment_status":"closed","ping_status":"open","sticky":false,"template":"","format":"standard","meta":{"footnotes":"","_links_to":"","_links_to_target":""},"categories":[17],"tags":[],"class_list":["post-902","post","type-post","status-publish","format-standard","hentry","category-media"],"gutentor_comment":0,"yoast_head":"<!-- This site is optimized with the Yoast SEO plugin v25.1 - https:\/\/yoast.com\/wordpress\/plugins\/seo\/ -->\n<title>O investigador fundanense que tenta antecipar-se \u00e0 Alzheimer<\/title>\n<meta name=\"description\" content=\"O investigador fundanense que tenta antecipar-se \u00e0 Alzheimer (Interview with Jornal do Fund\u00e3o, in Portuguese)\" \/>\n<meta name=\"robots\" content=\"index, follow, max-snippet:-1, max-image-preview:large, max-video-preview:-1\" \/>\n<link rel=\"canonical\" href=\"https:\/\/igormatias.com\/pt\/2024\/08\/21\/o-investigador-fundanense-que-tenta-antecipar-se-a-alzheimer\/\" \/>\n<meta property=\"og:locale\" content=\"pt_PT\" \/>\n<meta property=\"og:type\" content=\"article\" \/>\n<meta property=\"og:title\" content=\"O investigador fundanense que tenta antecipar-se \u00e0 Alzheimer\" \/>\n<meta property=\"og:description\" content=\"O investigador fundanense que tenta antecipar-se \u00e0 Alzheimer (Interview with Jornal do Fund\u00e3o, in Portuguese)\" \/>\n<meta property=\"og:url\" content=\"https:\/\/igormatias.com\/pt\/2024\/08\/21\/o-investigador-fundanense-que-tenta-antecipar-se-a-alzheimer\/\" \/>\n<meta property=\"og:site_name\" content=\"Igor Matias &#x1f9e0;&#x1f916;\" \/>\n<meta property=\"article:publisher\" content=\"https:\/\/www.facebook.com\/igormatias16\" \/>\n<meta property=\"article:author\" content=\"https:\/\/www.facebook.com\/igormatias16\" \/>\n<meta property=\"article:published_time\" content=\"2024-08-21T15:29:31+00:00\" \/>\n<meta property=\"article:modified_time\" content=\"2026-02-02T13:01:46+00:00\" \/>\n<meta property=\"og:image\" content=\"https:\/\/igormatias.com\/wp-content\/uploads\/2024\/08\/Screenshot-2024-08-14-at-21.50.13-1024x590.png\" \/>\n\t<meta property=\"og:image:width\" content=\"1024\" \/>\n\t<meta property=\"og:image:height\" content=\"590\" \/>\n\t<meta property=\"og:image:type\" content=\"image\/png\" \/>\n<meta name=\"author\" content=\"Igor Matias\" \/>\n<meta name=\"twitter:card\" content=\"summary_large_image\" \/>\n<meta name=\"twitter:creator\" content=\"@IgorMatias3\" \/>\n<meta name=\"twitter:site\" content=\"@IgorMatias3\" \/>\n<meta name=\"twitter:label1\" content=\"Escrito por\" \/>\n\t<meta name=\"twitter:data1\" content=\"Igor Matias\" \/>\n\t<meta name=\"twitter:label2\" content=\"Tempo estimado de leitura\" \/>\n\t<meta name=\"twitter:data2\" content=\"1 minuto\" \/>\n<script type=\"application\/ld+json\" class=\"yoast-schema-graph\">{\"@context\":\"https:\/\/schema.org\",\"@graph\":[{\"@type\":\"Article\",\"@id\":\"https:\/\/igormatias.com\/2024\/08\/21\/o-investigador-fundanense-que-tenta-antecipar-se-a-alzheimer\/#article\",\"isPartOf\":{\"@id\":\"https:\/\/igormatias.com\/2024\/08\/21\/o-investigador-fundanense-que-tenta-antecipar-se-a-alzheimer\/\"},\"author\":{\"name\":\"Igor Matias\",\"@id\":\"https:\/\/igormatias.com\/#\/schema\/person\/411aa904be362f1d407f8a491799a248\"},\"headline\":\"O investigador fundanense que tenta antecipar-se \u00e0 Alzheimer\",\"datePublished\":\"2024-08-21T15:29:31+00:00\",\"dateModified\":\"2026-02-02T13:01:46+00:00\",\"mainEntityOfPage\":{\"@id\":\"https:\/\/igormatias.com\/2024\/08\/21\/o-investigador-fundanense-que-tenta-antecipar-se-a-alzheimer\/\"},\"wordCount\":34,\"publisher\":{\"@id\":\"https:\/\/igormatias.com\/#\/schema\/person\/411aa904be362f1d407f8a491799a248\"},\"image\":{\"@id\":\"https:\/\/igormatias.com\/2024\/08\/21\/o-investigador-fundanense-que-tenta-antecipar-se-a-alzheimer\/#primaryimage\"},\"thumbnailUrl\":\"https:\/\/igormatias.com\/wp-content\/uploads\/2024\/08\/Screenshot-2024-08-14-at-21.50.13-1024x590.png\",\"articleSection\":[\"Media appearances\"],\"inLanguage\":\"pt-PT\"},{\"@type\":\"WebPage\",\"@id\":\"https:\/\/igormatias.com\/2024\/08\/21\/o-investigador-fundanense-que-tenta-antecipar-se-a-alzheimer\/\",\"url\":\"https:\/\/igormatias.com\/2024\/08\/21\/o-investigador-fundanense-que-tenta-antecipar-se-a-alzheimer\/\",\"name\":\"O investigador fundanense que tenta antecipar-se \u00e0 Alzheimer\",\"isPartOf\":{\"@id\":\"https:\/\/igormatias.com\/#website\"},\"primaryImageOfPage\":{\"@id\":\"https:\/\/igormatias.com\/2024\/08\/21\/o-investigador-fundanense-que-tenta-antecipar-se-a-alzheimer\/#primaryimage\"},\"image\":{\"@id\":\"https:\/\/igormatias.com\/2024\/08\/21\/o-investigador-fundanense-que-tenta-antecipar-se-a-alzheimer\/#primaryimage\"},\"thumbnailUrl\":\"https:\/\/igormatias.com\/wp-content\/uploads\/2024\/08\/Screenshot-2024-08-14-at-21.50.13-1024x590.png\",\"datePublished\":\"2024-08-21T15:29:31+00:00\",\"dateModified\":\"2026-02-02T13:01:46+00:00\",\"description\":\"O investigador fundanense que tenta antecipar-se \u00e0 Alzheimer (Interview with Jornal do Fund\u00e3o, in Portuguese)\",\"breadcrumb\":{\"@id\":\"https:\/\/igormatias.com\/2024\/08\/21\/o-investigador-fundanense-que-tenta-antecipar-se-a-alzheimer\/#breadcrumb\"},\"inLanguage\":\"pt-PT\",\"potentialAction\":[{\"@type\":\"ReadAction\",\"target\":[\"https:\/\/igormatias.com\/2024\/08\/21\/o-investigador-fundanense-que-tenta-antecipar-se-a-alzheimer\/\"]}]},{\"@type\":\"ImageObject\",\"inLanguage\":\"pt-PT\",\"@id\":\"https:\/\/igormatias.com\/2024\/08\/21\/o-investigador-fundanense-que-tenta-antecipar-se-a-alzheimer\/#primaryimage\",\"url\":\"https:\/\/igormatias.com\/wp-content\/uploads\/2024\/08\/Screenshot-2024-08-14-at-21.50.13-1024x590.png\",\"contentUrl\":\"https:\/\/igormatias.com\/wp-content\/uploads\/2024\/08\/Screenshot-2024-08-14-at-21.50.13-1024x590.png\"},{\"@type\":\"BreadcrumbList\",\"@id\":\"https:\/\/igormatias.com\/2024\/08\/21\/o-investigador-fundanense-que-tenta-antecipar-se-a-alzheimer\/#breadcrumb\",\"itemListElement\":[{\"@type\":\"ListItem\",\"position\":1,\"name\":\"Home\",\"item\":\"https:\/\/igormatias.com\/\"},{\"@type\":\"ListItem\",\"position\":2,\"name\":\"O investigador fundanense que tenta antecipar-se \u00e0 Alzheimer\"}]},{\"@type\":\"WebSite\",\"@id\":\"https:\/\/igormatias.com\/#website\",\"url\":\"https:\/\/igormatias.com\/\",\"name\":\"Igor Matias\",\"description\":\"(Computer Science, Health, AI)\",\"publisher\":{\"@id\":\"https:\/\/igormatias.com\/#\/schema\/person\/411aa904be362f1d407f8a491799a248\"},\"potentialAction\":[{\"@type\":\"SearchAction\",\"target\":{\"@type\":\"EntryPoint\",\"urlTemplate\":\"https:\/\/igormatias.com\/?s={search_term_string}\"},\"query-input\":{\"@type\":\"PropertyValueSpecification\",\"valueRequired\":true,\"valueName\":\"search_term_string\"}}],\"inLanguage\":\"pt-PT\"},{\"@type\":[\"Person\",\"Organization\"],\"@id\":\"https:\/\/igormatias.com\/#\/schema\/person\/411aa904be362f1d407f8a491799a248\",\"name\":\"Igor Matias\",\"image\":{\"@type\":\"ImageObject\",\"inLanguage\":\"pt-PT\",\"@id\":\"https:\/\/igormatias.com\/#\/schema\/person\/image\/\",\"url\":\"https:\/\/igormatias.com\/wp-content\/uploads\/2026\/04\/Matias_2026_square_933.jpg\",\"contentUrl\":\"https:\/\/igormatias.com\/wp-content\/uploads\/2026\/04\/Matias_2026_square_933.jpg\",\"width\":933,\"height\":933,\"caption\":\"Igor Matias\"},\"logo\":{\"@id\":\"https:\/\/igormatias.com\/#\/schema\/person\/image\/\"},\"description\":\"Ph.D. student in Information Systems at the University of Geneva, Switzerland, focusing Alzheimer\u2019s Disease diagnosis. Master of Computer Science and Engineering by University of Beira Interior, Portugal.\",\"sameAs\":[\"https:\/\/igormatias.com\/\",\"https:\/\/www.facebook.com\/igormatias16\",\"https:\/\/instagram.com\/igormatias3\",\"https:\/\/linkedin.com\/in\/igormatias3\",\"https:\/\/x.com\/IgorMatias3\"]}]}<\/script>\n<!-- \/ Yoast SEO plugin. -->","yoast_head_json":{"title":"O investigador fundanense que tenta antecipar-se \u00e0 Alzheimer","description":"O investigador fundanense que tenta antecipar-se \u00e0 Alzheimer (Interview with Jornal do Fund\u00e3o, in Portuguese)","robots":{"index":"index","follow":"follow","max-snippet":"max-snippet:-1","max-image-preview":"max-image-preview:large","max-video-preview":"max-video-preview:-1"},"canonical":"https:\/\/igormatias.com\/pt\/2024\/08\/21\/o-investigador-fundanense-que-tenta-antecipar-se-a-alzheimer\/","og_locale":"pt_PT","og_type":"article","og_title":"O investigador fundanense que tenta antecipar-se \u00e0 Alzheimer","og_description":"O investigador fundanense que tenta antecipar-se \u00e0 Alzheimer (Interview with Jornal do Fund\u00e3o, in Portuguese)","og_url":"https:\/\/igormatias.com\/pt\/2024\/08\/21\/o-investigador-fundanense-que-tenta-antecipar-se-a-alzheimer\/","og_site_name":"Igor Matias &#x1f9e0;&#x1f916;","article_publisher":"https:\/\/www.facebook.com\/igormatias16","article_author":"https:\/\/www.facebook.com\/igormatias16","article_published_time":"2024-08-21T15:29:31+00:00","article_modified_time":"2026-02-02T13:01:46+00:00","og_image":[{"width":1024,"height":590,"url":"https:\/\/igormatias.com\/wp-content\/uploads\/2024\/08\/Screenshot-2024-08-14-at-21.50.13-1024x590.png","type":"image\/png"}],"author":"Igor Matias","twitter_card":"summary_large_image","twitter_creator":"@IgorMatias3","twitter_site":"@IgorMatias3","twitter_misc":{"Escrito por":"Igor Matias","Tempo estimado de leitura":"1 minuto"},"schema":{"@context":"https:\/\/schema.org","@graph":[{"@type":"Article","@id":"https:\/\/igormatias.com\/2024\/08\/21\/o-investigador-fundanense-que-tenta-antecipar-se-a-alzheimer\/#article","isPartOf":{"@id":"https:\/\/igormatias.com\/2024\/08\/21\/o-investigador-fundanense-que-tenta-antecipar-se-a-alzheimer\/"},"author":{"name":"Igor Matias","@id":"https:\/\/igormatias.com\/#\/schema\/person\/411aa904be362f1d407f8a491799a248"},"headline":"O investigador fundanense que tenta antecipar-se \u00e0 Alzheimer","datePublished":"2024-08-21T15:29:31+00:00","dateModified":"2026-02-02T13:01:46+00:00","mainEntityOfPage":{"@id":"https:\/\/igormatias.com\/2024\/08\/21\/o-investigador-fundanense-que-tenta-antecipar-se-a-alzheimer\/"},"wordCount":34,"publisher":{"@id":"https:\/\/igormatias.com\/#\/schema\/person\/411aa904be362f1d407f8a491799a248"},"image":{"@id":"https:\/\/igormatias.com\/2024\/08\/21\/o-investigador-fundanense-que-tenta-antecipar-se-a-alzheimer\/#primaryimage"},"thumbnailUrl":"https:\/\/igormatias.com\/wp-content\/uploads\/2024\/08\/Screenshot-2024-08-14-at-21.50.13-1024x590.png","articleSection":["Media appearances"],"inLanguage":"pt-PT"},{"@type":"WebPage","@id":"https:\/\/igormatias.com\/2024\/08\/21\/o-investigador-fundanense-que-tenta-antecipar-se-a-alzheimer\/","url":"https:\/\/igormatias.com\/2024\/08\/21\/o-investigador-fundanense-que-tenta-antecipar-se-a-alzheimer\/","name":"O investigador fundanense que tenta antecipar-se \u00e0 Alzheimer","isPartOf":{"@id":"https:\/\/igormatias.com\/#website"},"primaryImageOfPage":{"@id":"https:\/\/igormatias.com\/2024\/08\/21\/o-investigador-fundanense-que-tenta-antecipar-se-a-alzheimer\/#primaryimage"},"image":{"@id":"https:\/\/igormatias.com\/2024\/08\/21\/o-investigador-fundanense-que-tenta-antecipar-se-a-alzheimer\/#primaryimage"},"thumbnailUrl":"https:\/\/igormatias.com\/wp-content\/uploads\/2024\/08\/Screenshot-2024-08-14-at-21.50.13-1024x590.png","datePublished":"2024-08-21T15:29:31+00:00","dateModified":"2026-02-02T13:01:46+00:00","description":"O investigador fundanense que tenta antecipar-se \u00e0 Alzheimer (Interview with Jornal do Fund\u00e3o, in Portuguese)","breadcrumb":{"@id":"https:\/\/igormatias.com\/2024\/08\/21\/o-investigador-fundanense-que-tenta-antecipar-se-a-alzheimer\/#breadcrumb"},"inLanguage":"pt-PT","potentialAction":[{"@type":"ReadAction","target":["https:\/\/igormatias.com\/2024\/08\/21\/o-investigador-fundanense-que-tenta-antecipar-se-a-alzheimer\/"]}]},{"@type":"ImageObject","inLanguage":"pt-PT","@id":"https:\/\/igormatias.com\/2024\/08\/21\/o-investigador-fundanense-que-tenta-antecipar-se-a-alzheimer\/#primaryimage","url":"https:\/\/igormatias.com\/wp-content\/uploads\/2024\/08\/Screenshot-2024-08-14-at-21.50.13-1024x590.png","contentUrl":"https:\/\/igormatias.com\/wp-content\/uploads\/2024\/08\/Screenshot-2024-08-14-at-21.50.13-1024x590.png"},{"@type":"BreadcrumbList","@id":"https:\/\/igormatias.com\/2024\/08\/21\/o-investigador-fundanense-que-tenta-antecipar-se-a-alzheimer\/#breadcrumb","itemListElement":[{"@type":"ListItem","position":1,"name":"Home","item":"https:\/\/igormatias.com\/"},{"@type":"ListItem","position":2,"name":"O investigador fundanense que tenta antecipar-se \u00e0 Alzheimer"}]},{"@type":"WebSite","@id":"https:\/\/igormatias.com\/#website","url":"https:\/\/igormatias.com\/","name":"Igor Matias","description":"(Computer Science, Health, AI)","publisher":{"@id":"https:\/\/igormatias.com\/#\/schema\/person\/411aa904be362f1d407f8a491799a248"},"potentialAction":[{"@type":"SearchAction","target":{"@type":"EntryPoint","urlTemplate":"https:\/\/igormatias.com\/?s={search_term_string}"},"query-input":{"@type":"PropertyValueSpecification","valueRequired":true,"valueName":"search_term_string"}}],"inLanguage":"pt-PT"},{"@type":["Person","Organization"],"@id":"https:\/\/igormatias.com\/#\/schema\/person\/411aa904be362f1d407f8a491799a248","name":"Igor Matias","image":{"@type":"ImageObject","inLanguage":"pt-PT","@id":"https:\/\/igormatias.com\/#\/schema\/person\/image\/","url":"https:\/\/igormatias.com\/wp-content\/uploads\/2026\/04\/Matias_2026_square_933.jpg","contentUrl":"https:\/\/igormatias.com\/wp-content\/uploads\/2026\/04\/Matias_2026_square_933.jpg","width":933,"height":933,"caption":"Igor Matias"},"logo":{"@id":"https:\/\/igormatias.com\/#\/schema\/person\/image\/"},"description":"Ph.D. student in Information Systems at the University of Geneva, Switzerland, focusing Alzheimer\u2019s Disease diagnosis. Master of Computer Science and Engineering by University of Beira Interior, Portugal.","sameAs":["https:\/\/igormatias.com\/","https:\/\/www.facebook.com\/igormatias16","https:\/\/instagram.com\/igormatias3","https:\/\/linkedin.com\/in\/igormatias3","https:\/\/x.com\/IgorMatias3"]}]}},"_links":{"self":[{"href":"https:\/\/igormatias.com\/pt\/wp-json\/wp\/v2\/posts\/902"}],"collection":[{"href":"https:\/\/igormatias.com\/pt\/wp-json\/wp\/v2\/posts"}],"about":[{"href":"https:\/\/igormatias.com\/pt\/wp-json\/wp\/v2\/types\/post"}],"author":[{"embeddable":true,"href":"https:\/\/igormatias.com\/pt\/wp-json\/wp\/v2\/users\/1"}],"replies":[{"embeddable":true,"href":"https:\/\/igormatias.com\/pt\/wp-json\/wp\/v2\/comments?post=902"}],"version-history":[{"count":5,"href":"https:\/\/igormatias.com\/pt\/wp-json\/wp\/v2\/posts\/902\/revisions"}],"predecessor-version":[{"id":1051,"href":"https:\/\/igormatias.com\/pt\/wp-json\/wp\/v2\/posts\/902\/revisions\/1051"}],"wp:attachment":[{"href":"https:\/\/igormatias.com\/pt\/wp-json\/wp\/v2\/media?parent=902"}],"wp:term":[{"taxonomy":"category","embeddable":true,"href":"https:\/\/igormatias.com\/pt\/wp-json\/wp\/v2\/categories?post=902"},{"taxonomy":"post_tag","embeddable":true,"href":"https:\/\/igormatias.com\/pt\/wp-json\/wp\/v2\/tags?post=902"}],"curies":[{"name":"wp","href":"https:\/\/api.w.org\/{rel}","templated":true}]}}